{"id":635,"date":"2016-09-07T12:28:38","date_gmt":"2016-09-07T15:28:38","guid":{"rendered":"http:\/\/cidetic.unlu.edu.ar\/?p=635"},"modified":"2016-09-07T12:49:20","modified_gmt":"2016-09-07T15:49:20","slug":"jornada-de-biologia-sociedad-y-ambiente","status":"publish","type":"post","link":"https:\/\/cidetic.unlu.edu.ar\/en\/jornada-de-biologia-sociedad-y-ambiente\/","title":{"rendered":"Jornada de Biolog\u00eda, Sociedad y Ambiente"},"content":{"rendered":"<p><img loading=\"lazy\" decoding=\"async\" class=\"alignleft size-medium wp-image-639\" src=\"http:\/\/cidetic.unlu.edu.ar\/wordpress\/wp-content\/uploads\/2016\/09\/jornada-jbs-300x118.png\" alt=\"jornada-jbs\" width=\"300\" height=\"118\" srcset=\"https:\/\/cidetic.unlu.edu.ar\/wordpress\/wp-content\/uploads\/2016\/09\/jornada-jbs-300x118.png 300w, https:\/\/cidetic.unlu.edu.ar\/wordpress\/wp-content\/uploads\/2016\/09\/jornada-jbs-150x59.png 150w, https:\/\/cidetic.unlu.edu.ar\/wordpress\/wp-content\/uploads\/2016\/09\/jornada-jbs.png 469w\" sizes=\"auto, (max-width: 300px) 100vw, 300px\" \/>Se desarrollar\u00e1 en la Universidad Nacional de Luj\u00e1n el d\u00eda 15 de septiembre la Jornada de Biolog\u00eda. Sociedad y Ambiente, teniendo como tema principal a los\u00a0nuevos paradigmas para la conservaci\u00f3n y el desarrollo sustentable.<\/p>\n<p>&nbsp;<\/p>\n<p><strong>Ma\u00f1ana<\/strong><\/p>\n<p style=\"padding-left: 30px;\"><span lang=\"es-AR\"><strong>10:30 &#8211; Apertura:<\/strong> Los desaf\u00edos de la interdisciplinariedad en la Unlu. A cargo del Secretario de Investigaciones de la Universidad. Dr Maurico de Marzi.<\/span><\/p>\n<p style=\"padding-left: 30px;\"><strong><span lang=\"es-AR\">11:00 &#8211; \u201c<\/span><span lang=\"es-AR\">Nueva Biolog\u00eda e innovaci\u00f3n en alimentos y salud\u201d<\/span><\/strong><span lang=\"es-AR\"> Dr. Federico Coluccio Leskow<\/span><\/p>\n<p style=\"padding-left: 30px;\"><span lang=\"es-AR\"><strong>11:30 &#8211; \u201cBig Data, Ciencia de Datos e Interdisciplina: Desaf\u00edos y Oportunidades\u201d<\/strong> Gabriel Tolosa<\/span><\/p>\n<p style=\"padding-left: 30px;\"><span lang=\"es-AR\"><strong>12:00 &#8211; \u00abEcolog\u00eda con los pies en el suelo\u00bb<\/strong> Dr. Carlos E. Coviella.<\/span><\/p>\n<p><strong>Tarde <\/strong><\/p>\n<p lang=\"en-US\" style=\"padding-left: 30px;\"><span lang=\"es-AR\"><strong>14:00 &#8211; \u201cEstudios multidisciplinarios sobre la historia de la interacci\u00f3n ambiente-sociedad\u201d<\/strong> Dr. Marcelo Morales <\/span><\/p>\n<p lang=\"en-US\" style=\"padding-left: 30px;\"><span lang=\"es-AR\"><strong>14:30 &#8211; \u00abInterdisciplina transgeneracional y biolog\u00eda sint\u00e9tica para el sensado de ars\u00e9nico en agua\u201d<\/strong> Dr. Alejandro Nadra <\/span><\/p>\n<p lang=\"en-US\" style=\"padding-left: 30px;\"><span lang=\"es-AR\"><strong>15:00 &#8211; \u201cLa interdisciplinariedad en la conservaci\u00f3n. Ejemplos del altiplano\u201d<\/strong> Dra. Bibiana Vil\u00e1 <\/span><\/p>\n<p lang=\"en-US\" style=\"padding-left: 30px;\"><span lang=\"es-AR\"><strong>15:30 &#8211; Debate y discusi\u00f3n<\/strong> acerca de la interdisciplinariedad y sus posibilidades en la Universidad de Luj\u00e1n.<\/span><\/p>\n<p>&nbsp;<\/p>","protected":false},"excerpt":{"rendered":"<p>Se desarrollar\u00e1 en la Universidad Nacional de Luj\u00e1n el d\u00eda 15 de septiembre la Jornada de Biolog\u00eda. Sociedad y Ambiente, teniendo como tema principal a los\u00a0nuevos paradigmas para la conservaci\u00f3n y el desarrollo sustentable. &nbsp; Ma\u00f1ana 10:30 &#8211; Apertura: Los desaf\u00edos de la interdisciplinariedad en la Unlu. A cargo del Secretario de Investigaciones de la [&hellip;]<\/p>","protected":false},"author":2,"featured_media":0,"comment_status":"closed","ping_status":"closed","sticky":false,"template":"","format":"standard","meta":{"footnotes":""},"categories":[20],"tags":[],"class_list":["post-635","post","type-post","status-publish","format-standard","hentry","category-charlas"],"_links":{"self":[{"href":"https:\/\/cidetic.unlu.edu.ar\/en\/wp-json\/wp\/v2\/posts\/635","targetHints":{"allow":["GET"]}}],"collection":[{"href":"https:\/\/cidetic.unlu.edu.ar\/en\/wp-json\/wp\/v2\/posts"}],"about":[{"href":"https:\/\/cidetic.unlu.edu.ar\/en\/wp-json\/wp\/v2\/types\/post"}],"author":[{"embeddable":true,"href":"https:\/\/cidetic.unlu.edu.ar\/en\/wp-json\/wp\/v2\/users\/2"}],"replies":[{"embeddable":true,"href":"https:\/\/cidetic.unlu.edu.ar\/en\/wp-json\/wp\/v2\/comments?post=635"}],"version-history":[{"count":6,"href":"https:\/\/cidetic.unlu.edu.ar\/en\/wp-json\/wp\/v2\/posts\/635\/revisions"}],"predecessor-version":[{"id":643,"href":"https:\/\/cidetic.unlu.edu.ar\/en\/wp-json\/wp\/v2\/posts\/635\/revisions\/643"}],"wp:attachment":[{"href":"https:\/\/cidetic.unlu.edu.ar\/en\/wp-json\/wp\/v2\/media?parent=635"}],"wp:term":[{"taxonomy":"category","embeddable":true,"href":"https:\/\/cidetic.unlu.edu.ar\/en\/wp-json\/wp\/v2\/categories?post=635"},{"taxonomy":"post_tag","embeddable":true,"href":"https:\/\/cidetic.unlu.edu.ar\/en\/wp-json\/wp\/v2\/tags?post=635"}],"curies":[{"name":"wp","href":"https:\/\/api.w.org\/{rel}","templated":true}]}}