{"id":907,"date":"2019-03-21T09:42:59","date_gmt":"2019-03-21T12:42:59","guid":{"rendered":"https:\/\/cidetic.unlu.edu.ar\/?p=907"},"modified":"2019-03-21T16:16:20","modified_gmt":"2019-03-21T19:16:20","slug":"invitacion-a-clase-abierta-dictada-por-el-dr-conti-profesor-de-gestion-ambiental-y-evaluacion-de-riesgos","status":"publish","type":"post","link":"https:\/\/cidetic.unlu.edu.ar\/en\/invitacion-a-clase-abierta-dictada-por-el-dr-conti-profesor-de-gestion-ambiental-y-evaluacion-de-riesgos\/","title":{"rendered":"Invitaci\u00f3n a clase abierta dictada por el Dr. Conti, profesor de Gesti\u00f3n Ambiental y Evaluaci\u00f3n de Riesgos"},"content":{"rendered":"<p>Se invita a la comunidad universitaria a una clase abierta de dos partes que dictar\u00e1 el Profesor Marcelo Enrique Conti de la Universidad de Roma \u00abLa Sapienza\u00bb.  <\/p>\n\n\n\n<p>Ser\u00e1 el pr\u00f3ximo <strong>mi\u00e9rcoles 27 de marzo<\/strong> en el sal\u00f3n auditorio de la Universidad a<strong> las 9 hs. <\/strong>El Dr. Conti es profesor de Gesti\u00f3n Ambiental y Evaluaci\u00f3n de Riesgos y es el representante por la Universidad de Roma en el convenio firmado entre ambas instituciones.<\/p>\n\n\n\n<figure class=\"wp-block-image\"><img loading=\"lazy\" decoding=\"async\" width=\"635\" height=\"165\" src=\"https:\/\/cidetic.unlu.edu.ar\/wordpress\/wp-content\/uploads\/2019\/03\/ecosistema.png\" alt=\"\" class=\"wp-image-908\" srcset=\"https:\/\/cidetic.unlu.edu.ar\/wordpress\/wp-content\/uploads\/2019\/03\/ecosistema.png 635w, https:\/\/cidetic.unlu.edu.ar\/wordpress\/wp-content\/uploads\/2019\/03\/ecosistema-150x39.png 150w, https:\/\/cidetic.unlu.edu.ar\/wordpress\/wp-content\/uploads\/2019\/03\/ecosistema-300x78.png 300w\" sizes=\"auto, (max-width: 635px) 100vw, 635px\" \/><\/figure>\n\n\n\n<p><strong>Horarios de las charlas:<\/strong><\/p>\n\n\n\n<ul class=\"wp-block-list\"><li>9:00 a 10.45 hs.: Desde la mancha del Leopardo hasta la visi\u00f3n ecosist\u00e9mica. <\/li><\/ul>\n\n\n\n<ul class=\"wp-block-list\"><li>11:15 a 13:00 hs.: La patagonia y el cisne negro: \u00bfLa idea de la contaminaci\u00f3n o la contaminaci\u00f3n de las ideas?<\/li><\/ul>\n\n\n\n<p>Para consultas dirigirse al profesor Adonis Giorgi en su direcci\u00f3n de e-mail <em><a rel=\"noreferrer noopener\" href=\"mailto:adonisgiorgi16@gmail.com\" target=\"_blank\">adonisgiorgi16@gmail.com<\/a><\/em><\/p>","protected":false},"excerpt":{"rendered":"<p>Se invita a la comunidad universitaria a una clase abierta de dos partes que dictar\u00e1 el Profesor Marcelo Enrique Conti de la Universidad de Roma \u00abLa Sapienza\u00bb. Ser\u00e1 el pr\u00f3ximo mi\u00e9rcoles 27 de marzo en el sal\u00f3n auditorio de la Universidad a las 9 hs. El Dr. Conti es profesor de Gesti\u00f3n Ambiental y Evaluaci\u00f3n [&hellip;]<\/p>","protected":false},"author":2,"featured_media":0,"comment_status":"closed","ping_status":"closed","sticky":false,"template":"","format":"standard","meta":{"footnotes":""},"categories":[1],"tags":[],"class_list":["post-907","post","type-post","status-publish","format-standard","hentry","category-sin-categoria"],"_links":{"self":[{"href":"https:\/\/cidetic.unlu.edu.ar\/en\/wp-json\/wp\/v2\/posts\/907","targetHints":{"allow":["GET"]}}],"collection":[{"href":"https:\/\/cidetic.unlu.edu.ar\/en\/wp-json\/wp\/v2\/posts"}],"about":[{"href":"https:\/\/cidetic.unlu.edu.ar\/en\/wp-json\/wp\/v2\/types\/post"}],"author":[{"embeddable":true,"href":"https:\/\/cidetic.unlu.edu.ar\/en\/wp-json\/wp\/v2\/users\/2"}],"replies":[{"embeddable":true,"href":"https:\/\/cidetic.unlu.edu.ar\/en\/wp-json\/wp\/v2\/comments?post=907"}],"version-history":[{"count":9,"href":"https:\/\/cidetic.unlu.edu.ar\/en\/wp-json\/wp\/v2\/posts\/907\/revisions"}],"predecessor-version":[{"id":918,"href":"https:\/\/cidetic.unlu.edu.ar\/en\/wp-json\/wp\/v2\/posts\/907\/revisions\/918"}],"wp:attachment":[{"href":"https:\/\/cidetic.unlu.edu.ar\/en\/wp-json\/wp\/v2\/media?parent=907"}],"wp:term":[{"taxonomy":"category","embeddable":true,"href":"https:\/\/cidetic.unlu.edu.ar\/en\/wp-json\/wp\/v2\/categories?post=907"},{"taxonomy":"post_tag","embeddable":true,"href":"https:\/\/cidetic.unlu.edu.ar\/en\/wp-json\/wp\/v2\/tags?post=907"}],"curies":[{"name":"wp","href":"https:\/\/api.w.org\/{rel}","templated":true}]}}